{"id":1610,"date":"2024-01-04T00:55:17","date_gmt":"2024-01-03T23:55:17","guid":{"rendered":"https:\/\/apinyo.cat\/?p=1610"},"modified":"2024-01-04T08:47:50","modified_gmt":"2024-01-04T07:47:50","slug":"la-bicicleta-tu-aliada-en-el-auge-de-la-ecomovilidad","status":"publish","type":"post","link":"https:\/\/apinyo.cat\/es\/noticias\/la-bicicleta-tu-aliada-en-el-auge-de-la-ecomovilidad\/","title":{"rendered":"La bicicleta: tu aliada en el auge de la ecomovilidad"},"content":{"rendered":"\t\t<div data-elementor-type=\"wp-post\" data-elementor-id=\"1610\" class=\"elementor elementor-1610\" data-elementor-post-type=\"post\">\n\t\t\t\t\t\t<section class=\"elementor-section elementor-top-section elementor-element elementor-element-1112f1e elementor-section-boxed elementor-section-height-default elementor-section-height-default\" data-id=\"1112f1e\" data-element_type=\"section\" data-e-type=\"section\">\n\t\t\t\t\t\t<div class=\"elementor-container elementor-column-gap-default\">\n\t\t\t\t\t<div class=\"elementor-column elementor-col-100 elementor-top-column elementor-element elementor-element-680502c8\" data-id=\"680502c8\" data-element_type=\"column\" data-e-type=\"column\">\n\t\t\t<div class=\"elementor-widget-wrap elementor-element-populated\">\n\t\t\t\t\t\t<div class=\"elementor-element elementor-element-7c315cfb elementor-widget elementor-widget-text-editor\" data-id=\"7c315cfb\" data-element_type=\"widget\" data-e-type=\"widget\" data-widget_type=\"text-editor.default\">\n\t\t\t\t<div class=\"elementor-widget-container\">\n\t\t\t\t\t\t\t\t\t<p>En el contexto de la bicimensajer\u00eda, la bicicleta no solo agiliza las entregas, sino que tambi\u00e9n promueve la salud y el bienestar. Al elegir la bicicleta como medio de transporte, los mensajeros y aquellos que adoptan este enfoque en sus desplazamientos diarios abrazan un estilo de vida activo. Este cambio no solo beneficia el cuerpo, sino que tambi\u00e9n contribuye a la reducci\u00f3n de la huella de carbono individual.<\/p><p>La versatilidad de la bicicleta la convierte en una opci\u00f3n ideal para la ecomovilidad. Desde las bicimensajer\u00edas hasta los desplazamientos diarios, la bicicleta se adapta a diversas necesidades y distancias. Su simplicidad y eficiencia la posicionan como una alternativa ecol\u00f3gica y accesible en comparaci\u00f3n con otros medios de transporte.<\/p><p>En conclusi\u00f3n, la bicicleta no solo es una herramienta eficaz en la bicimensajer\u00eda, sino que tambi\u00e9n se erige como tu aliada en el auge de la ecomovilidad. Abrazar la bicicleta no solo contribuye a un entorno m\u00e1s sostenible, sino que tambi\u00e9n promueve un estilo de vida saludable y activo.<\/p>\t\t\t\t\t\t\t\t<\/div>\n\t\t\t\t<\/div>\n\t\t\t\t\t<\/div>\n\t\t<\/div>\n\t\t\t\t\t<\/div>\n\t\t<\/section>\n\t\t\t\t<\/div>\n\t\t","protected":false},"excerpt":{"rendered":"<p>En la era del auge de la movilidad sostenible, la bicicleta emerge como una aliada indispensable, desempe\u00f1ando un papel crucial en la ecomovilidad. M\u00e1s all\u00e1 de ser un medio de transporte para mensajeros, la bicicleta se convierte en un s\u00edmbolo de un estilo de vida activo y consciente.<\/p>\n","protected":false},"author":2,"featured_media":1498,"comment_status":"open","ping_status":"open","sticky":false,"template":"","format":"standard","meta":{"_acf_changed":false,"inline_featured_image":false,"footnotes":""},"categories":[31],"tags":[49,40,50,38,47,44,46,48,45,43,41,39,42],"class_list":["post-1610","post","type-post","status-publish","format-standard","has-post-thumbnail","hentry","category-noticias","tag-apinyocouriers-es","tag-barcelona-es","tag-bicicleta-es","tag-bicimensajeria","tag-bikecourier-es","tag-bikemessenger-es","tag-consumlocal-es","tag-everydaymesslife-es","tag-mensajeriasostenible","tag-messlife-es","tag-servicio","tag-sostenibilidad","tag-transporte"],"acf":[],"yoast_head":"<!-- This site is optimized with the Yoast SEO plugin v27.5 - https:\/\/yoast.com\/product\/yoast-seo-wordpress\/ -->\n<title>\u25b7La bicicleta: tu aliada en el auge de la ecomovilidad - \u3010 Apinyo \u3011<\/title>\n<meta name=\"description\" content=\"En la era del auge de la movilidad sostenible, la bicicleta emerge como una aliada indispensable, desempe\u00f1ando un papel crucial en la ecomovilidad. M\u00e1s all\u00e1 de ser un medio de transporte para mensajeros, la bicicleta se convierte en un s\u00edmbolo de un estilo de vida activo y consciente. \u2713\" \/>\n<meta name=\"robots\" content=\"index, follow, max-snippet:-1, max-image-preview:large, max-video-preview:-1\" \/>\n<link rel=\"canonical\" href=\"https:\/\/apinyo.cat\/es\/noticias\/la-bicicleta-tu-aliada-en-el-auge-de-la-ecomovilidad\/\" \/>\n<meta property=\"og:locale\" content=\"es_ES\" \/>\n<meta property=\"og:type\" content=\"article\" \/>\n<meta property=\"og:title\" content=\"\u25b7La bicicleta: tu aliada en el auge de la ecomovilidad - \u3010 Apinyo \u3011\" \/>\n<meta property=\"og:description\" content=\"En la era del auge de la movilidad sostenible, la bicicleta emerge como una aliada indispensable, desempe\u00f1ando un papel crucial en la ecomovilidad. M\u00e1s all\u00e1 de ser un medio de transporte para mensajeros, la bicicleta se convierte en un s\u00edmbolo de un estilo de vida activo y consciente. \u2713\" \/>\n<meta property=\"og:url\" content=\"https:\/\/apinyo.cat\/es\/noticias\/la-bicicleta-tu-aliada-en-el-auge-de-la-ecomovilidad\/\" \/>\n<meta property=\"og:site_name\" content=\"Apinyo\" \/>\n<meta property=\"article:published_time\" content=\"2024-01-03T23:55:17+00:00\" \/>\n<meta property=\"article:modified_time\" content=\"2024-01-04T07:47:50+00:00\" \/>\n<meta property=\"og:image\" content=\"https:\/\/apinyo.cat\/wp-content\/uploads\/2023\/08\/bosc-min.jpg\" \/>\n\t<meta property=\"og:image:width\" content=\"1920\" \/>\n\t<meta property=\"og:image:height\" content=\"1280\" \/>\n\t<meta property=\"og:image:type\" content=\"image\/jpeg\" \/>\n<meta name=\"author\" content=\"wwwarcelona\" \/>\n<meta name=\"twitter:card\" content=\"summary_large_image\" \/>\n<meta name=\"twitter:label1\" content=\"Escrito por\" \/>\n\t<meta name=\"twitter:data1\" content=\"wwwarcelona\" \/>\n\t<meta name=\"twitter:label2\" content=\"Tiempo de lectura\" \/>\n\t<meta name=\"twitter:data2\" content=\"1 minuto\" \/>\n<script type=\"application\/ld+json\" class=\"yoast-schema-graph\">{\"@context\":\"https:\\\/\\\/schema.org\",\"@graph\":[{\"@type\":\"Article\",\"@id\":\"https:\\\/\\\/apinyo.cat\\\/es\\\/noticias\\\/la-bicicleta-tu-aliada-en-el-auge-de-la-ecomovilidad\\\/#article\",\"isPartOf\":{\"@id\":\"https:\\\/\\\/apinyo.cat\\\/es\\\/noticias\\\/la-bicicleta-tu-aliada-en-el-auge-de-la-ecomovilidad\\\/\"},\"author\":{\"name\":\"wwwarcelona\",\"@id\":\"https:\\\/\\\/apinyo.cat\\\/#\\\/schema\\\/person\\\/69b9003108d757a9dd62552a121a6365\"},\"headline\":\"La bicicleta: tu aliada en el auge de la ecomovilidad\",\"datePublished\":\"2024-01-03T23:55:17+00:00\",\"dateModified\":\"2024-01-04T07:47:50+00:00\",\"mainEntityOfPage\":{\"@id\":\"https:\\\/\\\/apinyo.cat\\\/es\\\/noticias\\\/la-bicicleta-tu-aliada-en-el-auge-de-la-ecomovilidad\\\/\"},\"wordCount\":189,\"commentCount\":0,\"publisher\":{\"@id\":\"https:\\\/\\\/apinyo.cat\\\/#organization\"},\"image\":{\"@id\":\"https:\\\/\\\/apinyo.cat\\\/es\\\/noticias\\\/la-bicicleta-tu-aliada-en-el-auge-de-la-ecomovilidad\\\/#primaryimage\"},\"thumbnailUrl\":\"https:\\\/\\\/apinyo.cat\\\/wp-content\\\/uploads\\\/2023\\\/08\\\/bosc-min.jpg\",\"keywords\":[\"#apinyocouriers\",\"#Barcelona\",\"#bicicleta\",\"#bicimensajeria\",\"#bikecourier\",\"#bikemessenger\",\"#consumlocal\",\"#everydaymesslife\",\"#mensajeriasostenible\",\"#messlife\",\"#servicio\",\"#sostenibilidad\",\"#transporte\"],\"articleSection\":[\"Noticias\"],\"inLanguage\":\"es\",\"potentialAction\":[{\"@type\":\"CommentAction\",\"name\":\"Comment\",\"target\":[\"https:\\\/\\\/apinyo.cat\\\/es\\\/noticias\\\/la-bicicleta-tu-aliada-en-el-auge-de-la-ecomovilidad\\\/#respond\"]}]},{\"@type\":\"WebPage\",\"@id\":\"https:\\\/\\\/apinyo.cat\\\/es\\\/noticias\\\/la-bicicleta-tu-aliada-en-el-auge-de-la-ecomovilidad\\\/\",\"url\":\"https:\\\/\\\/apinyo.cat\\\/es\\\/noticias\\\/la-bicicleta-tu-aliada-en-el-auge-de-la-ecomovilidad\\\/\",\"name\":\"\u25b7La bicicleta: tu aliada en el auge de la ecomovilidad - \u3010 Apinyo \u3011\",\"isPartOf\":{\"@id\":\"https:\\\/\\\/apinyo.cat\\\/#website\"},\"primaryImageOfPage\":{\"@id\":\"https:\\\/\\\/apinyo.cat\\\/es\\\/noticias\\\/la-bicicleta-tu-aliada-en-el-auge-de-la-ecomovilidad\\\/#primaryimage\"},\"image\":{\"@id\":\"https:\\\/\\\/apinyo.cat\\\/es\\\/noticias\\\/la-bicicleta-tu-aliada-en-el-auge-de-la-ecomovilidad\\\/#primaryimage\"},\"thumbnailUrl\":\"https:\\\/\\\/apinyo.cat\\\/wp-content\\\/uploads\\\/2023\\\/08\\\/bosc-min.jpg\",\"datePublished\":\"2024-01-03T23:55:17+00:00\",\"dateModified\":\"2024-01-04T07:47:50+00:00\",\"description\":\"En la era del auge de la movilidad sostenible, la bicicleta emerge como una aliada indispensable, desempe\u00f1ando un papel crucial en la ecomovilidad. M\u00e1s all\u00e1 de ser un medio de transporte para mensajeros, la bicicleta se convierte en un s\u00edmbolo de un estilo de vida activo y consciente. \u2713\",\"breadcrumb\":{\"@id\":\"https:\\\/\\\/apinyo.cat\\\/es\\\/noticias\\\/la-bicicleta-tu-aliada-en-el-auge-de-la-ecomovilidad\\\/#breadcrumb\"},\"inLanguage\":\"es\",\"potentialAction\":[{\"@type\":\"ReadAction\",\"target\":[\"https:\\\/\\\/apinyo.cat\\\/es\\\/noticias\\\/la-bicicleta-tu-aliada-en-el-auge-de-la-ecomovilidad\\\/\"]}]},{\"@type\":\"ImageObject\",\"inLanguage\":\"es\",\"@id\":\"https:\\\/\\\/apinyo.cat\\\/es\\\/noticias\\\/la-bicicleta-tu-aliada-en-el-auge-de-la-ecomovilidad\\\/#primaryimage\",\"url\":\"https:\\\/\\\/apinyo.cat\\\/wp-content\\\/uploads\\\/2023\\\/08\\\/bosc-min.jpg\",\"contentUrl\":\"https:\\\/\\\/apinyo.cat\\\/wp-content\\\/uploads\\\/2023\\\/08\\\/bosc-min.jpg\",\"width\":1920,\"height\":1280},{\"@type\":\"BreadcrumbList\",\"@id\":\"https:\\\/\\\/apinyo.cat\\\/es\\\/noticias\\\/la-bicicleta-tu-aliada-en-el-auge-de-la-ecomovilidad\\\/#breadcrumb\",\"itemListElement\":[{\"@type\":\"ListItem\",\"position\":1,\"name\":\"Portada\",\"item\":\"https:\\\/\\\/apinyo.cat\\\/es\\\/home\\\/\"},{\"@type\":\"ListItem\",\"position\":2,\"name\":\"La bicicleta: tu aliada en el auge de la ecomovilidad\"}]},{\"@type\":\"WebSite\",\"@id\":\"https:\\\/\\\/apinyo.cat\\\/#website\",\"url\":\"https:\\\/\\\/apinyo.cat\\\/\",\"name\":\"Apinyo\",\"description\":\"\",\"publisher\":{\"@id\":\"https:\\\/\\\/apinyo.cat\\\/#organization\"},\"potentialAction\":[{\"@type\":\"SearchAction\",\"target\":{\"@type\":\"EntryPoint\",\"urlTemplate\":\"https:\\\/\\\/apinyo.cat\\\/?s={search_term_string}\"},\"query-input\":{\"@type\":\"PropertyValueSpecification\",\"valueRequired\":true,\"valueName\":\"search_term_string\"}}],\"inLanguage\":\"es\"},{\"@type\":\"Organization\",\"@id\":\"https:\\\/\\\/apinyo.cat\\\/#organization\",\"name\":\"Apinyo\",\"url\":\"https:\\\/\\\/apinyo.cat\\\/\",\"logo\":{\"@type\":\"ImageObject\",\"inLanguage\":\"es\",\"@id\":\"https:\\\/\\\/apinyo.cat\\\/#\\\/schema\\\/logo\\\/image\\\/\",\"url\":\"https:\\\/\\\/apinyo.cat\\\/wp-content\\\/uploads\\\/2022\\\/03\\\/logo_apinyo.png\",\"contentUrl\":\"https:\\\/\\\/apinyo.cat\\\/wp-content\\\/uploads\\\/2022\\\/03\\\/logo_apinyo.png\",\"width\":192,\"height\":32,\"caption\":\"Apinyo\"},\"image\":{\"@id\":\"https:\\\/\\\/apinyo.cat\\\/#\\\/schema\\\/logo\\\/image\\\/\"}},{\"@type\":\"Person\",\"@id\":\"https:\\\/\\\/apinyo.cat\\\/#\\\/schema\\\/person\\\/69b9003108d757a9dd62552a121a6365\",\"name\":\"wwwarcelona\",\"image\":{\"@type\":\"ImageObject\",\"inLanguage\":\"es\",\"@id\":\"https:\\\/\\\/secure.gravatar.com\\\/avatar\\\/0c6819356538849544fe79abd31afb6f42861bbb96368a1f2151f9a226524dcd?s=96&d=mm&r=g\",\"url\":\"https:\\\/\\\/secure.gravatar.com\\\/avatar\\\/0c6819356538849544fe79abd31afb6f42861bbb96368a1f2151f9a226524dcd?s=96&d=mm&r=g\",\"contentUrl\":\"https:\\\/\\\/secure.gravatar.com\\\/avatar\\\/0c6819356538849544fe79abd31afb6f42861bbb96368a1f2151f9a226524dcd?s=96&d=mm&r=g\",\"caption\":\"wwwarcelona\"}}]}<\/script>\n<!-- \/ Yoast SEO plugin. -->","yoast_head_json":{"title":"\u25b7La bicicleta: tu aliada en el auge de la ecomovilidad - \u3010 Apinyo \u3011","description":"En la era del auge de la movilidad sostenible, la bicicleta emerge como una aliada indispensable, desempe\u00f1ando un papel crucial en la ecomovilidad. M\u00e1s all\u00e1 de ser un medio de transporte para mensajeros, la bicicleta se convierte en un s\u00edmbolo de un estilo de vida activo y consciente. \u2713","robots":{"index":"index","follow":"follow","max-snippet":"max-snippet:-1","max-image-preview":"max-image-preview:large","max-video-preview":"max-video-preview:-1"},"canonical":"https:\/\/apinyo.cat\/es\/noticias\/la-bicicleta-tu-aliada-en-el-auge-de-la-ecomovilidad\/","og_locale":"es_ES","og_type":"article","og_title":"\u25b7La bicicleta: tu aliada en el auge de la ecomovilidad - \u3010 Apinyo \u3011","og_description":"En la era del auge de la movilidad sostenible, la bicicleta emerge como una aliada indispensable, desempe\u00f1ando un papel crucial en la ecomovilidad. M\u00e1s all\u00e1 de ser un medio de transporte para mensajeros, la bicicleta se convierte en un s\u00edmbolo de un estilo de vida activo y consciente. \u2713","og_url":"https:\/\/apinyo.cat\/es\/noticias\/la-bicicleta-tu-aliada-en-el-auge-de-la-ecomovilidad\/","og_site_name":"Apinyo","article_published_time":"2024-01-03T23:55:17+00:00","article_modified_time":"2024-01-04T07:47:50+00:00","og_image":[{"width":1920,"height":1280,"url":"https:\/\/apinyo.cat\/wp-content\/uploads\/2023\/08\/bosc-min.jpg","type":"image\/jpeg"}],"author":"wwwarcelona","twitter_card":"summary_large_image","twitter_misc":{"Escrito por":"wwwarcelona","Tiempo de lectura":"1 minuto"},"schema":{"@context":"https:\/\/schema.org","@graph":[{"@type":"Article","@id":"https:\/\/apinyo.cat\/es\/noticias\/la-bicicleta-tu-aliada-en-el-auge-de-la-ecomovilidad\/#article","isPartOf":{"@id":"https:\/\/apinyo.cat\/es\/noticias\/la-bicicleta-tu-aliada-en-el-auge-de-la-ecomovilidad\/"},"author":{"name":"wwwarcelona","@id":"https:\/\/apinyo.cat\/#\/schema\/person\/69b9003108d757a9dd62552a121a6365"},"headline":"La bicicleta: tu aliada en el auge de la ecomovilidad","datePublished":"2024-01-03T23:55:17+00:00","dateModified":"2024-01-04T07:47:50+00:00","mainEntityOfPage":{"@id":"https:\/\/apinyo.cat\/es\/noticias\/la-bicicleta-tu-aliada-en-el-auge-de-la-ecomovilidad\/"},"wordCount":189,"commentCount":0,"publisher":{"@id":"https:\/\/apinyo.cat\/#organization"},"image":{"@id":"https:\/\/apinyo.cat\/es\/noticias\/la-bicicleta-tu-aliada-en-el-auge-de-la-ecomovilidad\/#primaryimage"},"thumbnailUrl":"https:\/\/apinyo.cat\/wp-content\/uploads\/2023\/08\/bosc-min.jpg","keywords":["#apinyocouriers","#Barcelona","#bicicleta","#bicimensajeria","#bikecourier","#bikemessenger","#consumlocal","#everydaymesslife","#mensajeriasostenible","#messlife","#servicio","#sostenibilidad","#transporte"],"articleSection":["Noticias"],"inLanguage":"es","potentialAction":[{"@type":"CommentAction","name":"Comment","target":["https:\/\/apinyo.cat\/es\/noticias\/la-bicicleta-tu-aliada-en-el-auge-de-la-ecomovilidad\/#respond"]}]},{"@type":"WebPage","@id":"https:\/\/apinyo.cat\/es\/noticias\/la-bicicleta-tu-aliada-en-el-auge-de-la-ecomovilidad\/","url":"https:\/\/apinyo.cat\/es\/noticias\/la-bicicleta-tu-aliada-en-el-auge-de-la-ecomovilidad\/","name":"\u25b7La bicicleta: tu aliada en el auge de la ecomovilidad - \u3010 Apinyo \u3011","isPartOf":{"@id":"https:\/\/apinyo.cat\/#website"},"primaryImageOfPage":{"@id":"https:\/\/apinyo.cat\/es\/noticias\/la-bicicleta-tu-aliada-en-el-auge-de-la-ecomovilidad\/#primaryimage"},"image":{"@id":"https:\/\/apinyo.cat\/es\/noticias\/la-bicicleta-tu-aliada-en-el-auge-de-la-ecomovilidad\/#primaryimage"},"thumbnailUrl":"https:\/\/apinyo.cat\/wp-content\/uploads\/2023\/08\/bosc-min.jpg","datePublished":"2024-01-03T23:55:17+00:00","dateModified":"2024-01-04T07:47:50+00:00","description":"En la era del auge de la movilidad sostenible, la bicicleta emerge como una aliada indispensable, desempe\u00f1ando un papel crucial en la ecomovilidad. M\u00e1s all\u00e1 de ser un medio de transporte para mensajeros, la bicicleta se convierte en un s\u00edmbolo de un estilo de vida activo y consciente. \u2713","breadcrumb":{"@id":"https:\/\/apinyo.cat\/es\/noticias\/la-bicicleta-tu-aliada-en-el-auge-de-la-ecomovilidad\/#breadcrumb"},"inLanguage":"es","potentialAction":[{"@type":"ReadAction","target":["https:\/\/apinyo.cat\/es\/noticias\/la-bicicleta-tu-aliada-en-el-auge-de-la-ecomovilidad\/"]}]},{"@type":"ImageObject","inLanguage":"es","@id":"https:\/\/apinyo.cat\/es\/noticias\/la-bicicleta-tu-aliada-en-el-auge-de-la-ecomovilidad\/#primaryimage","url":"https:\/\/apinyo.cat\/wp-content\/uploads\/2023\/08\/bosc-min.jpg","contentUrl":"https:\/\/apinyo.cat\/wp-content\/uploads\/2023\/08\/bosc-min.jpg","width":1920,"height":1280},{"@type":"BreadcrumbList","@id":"https:\/\/apinyo.cat\/es\/noticias\/la-bicicleta-tu-aliada-en-el-auge-de-la-ecomovilidad\/#breadcrumb","itemListElement":[{"@type":"ListItem","position":1,"name":"Portada","item":"https:\/\/apinyo.cat\/es\/home\/"},{"@type":"ListItem","position":2,"name":"La bicicleta: tu aliada en el auge de la ecomovilidad"}]},{"@type":"WebSite","@id":"https:\/\/apinyo.cat\/#website","url":"https:\/\/apinyo.cat\/","name":"Apinyo","description":"","publisher":{"@id":"https:\/\/apinyo.cat\/#organization"},"potentialAction":[{"@type":"SearchAction","target":{"@type":"EntryPoint","urlTemplate":"https:\/\/apinyo.cat\/?s={search_term_string}"},"query-input":{"@type":"PropertyValueSpecification","valueRequired":true,"valueName":"search_term_string"}}],"inLanguage":"es"},{"@type":"Organization","@id":"https:\/\/apinyo.cat\/#organization","name":"Apinyo","url":"https:\/\/apinyo.cat\/","logo":{"@type":"ImageObject","inLanguage":"es","@id":"https:\/\/apinyo.cat\/#\/schema\/logo\/image\/","url":"https:\/\/apinyo.cat\/wp-content\/uploads\/2022\/03\/logo_apinyo.png","contentUrl":"https:\/\/apinyo.cat\/wp-content\/uploads\/2022\/03\/logo_apinyo.png","width":192,"height":32,"caption":"Apinyo"},"image":{"@id":"https:\/\/apinyo.cat\/#\/schema\/logo\/image\/"}},{"@type":"Person","@id":"https:\/\/apinyo.cat\/#\/schema\/person\/69b9003108d757a9dd62552a121a6365","name":"wwwarcelona","image":{"@type":"ImageObject","inLanguage":"es","@id":"https:\/\/secure.gravatar.com\/avatar\/0c6819356538849544fe79abd31afb6f42861bbb96368a1f2151f9a226524dcd?s=96&d=mm&r=g","url":"https:\/\/secure.gravatar.com\/avatar\/0c6819356538849544fe79abd31afb6f42861bbb96368a1f2151f9a226524dcd?s=96&d=mm&r=g","contentUrl":"https:\/\/secure.gravatar.com\/avatar\/0c6819356538849544fe79abd31afb6f42861bbb96368a1f2151f9a226524dcd?s=96&d=mm&r=g","caption":"wwwarcelona"}}]}},"_links":{"self":[{"href":"https:\/\/apinyo.cat\/es\/wp-json\/wp\/v2\/posts\/1610","targetHints":{"allow":["GET"]}}],"collection":[{"href":"https:\/\/apinyo.cat\/es\/wp-json\/wp\/v2\/posts"}],"about":[{"href":"https:\/\/apinyo.cat\/es\/wp-json\/wp\/v2\/types\/post"}],"author":[{"embeddable":true,"href":"https:\/\/apinyo.cat\/es\/wp-json\/wp\/v2\/users\/2"}],"replies":[{"embeddable":true,"href":"https:\/\/apinyo.cat\/es\/wp-json\/wp\/v2\/comments?post=1610"}],"version-history":[{"count":5,"href":"https:\/\/apinyo.cat\/es\/wp-json\/wp\/v2\/posts\/1610\/revisions"}],"predecessor-version":[{"id":1630,"href":"https:\/\/apinyo.cat\/es\/wp-json\/wp\/v2\/posts\/1610\/revisions\/1630"}],"wp:featuredmedia":[{"embeddable":true,"href":"https:\/\/apinyo.cat\/es\/wp-json\/wp\/v2\/media\/1498"}],"wp:attachment":[{"href":"https:\/\/apinyo.cat\/es\/wp-json\/wp\/v2\/media?parent=1610"}],"wp:term":[{"taxonomy":"category","embeddable":true,"href":"https:\/\/apinyo.cat\/es\/wp-json\/wp\/v2\/categories?post=1610"},{"taxonomy":"post_tag","embeddable":true,"href":"https:\/\/apinyo.cat\/es\/wp-json\/wp\/v2\/tags?post=1610"}],"curies":[{"name":"wp","href":"https:\/\/api.w.org\/{rel}","templated":true}]}}